{"id":23366,"date":"2026-09-01T05:35:26","date_gmt":"2026-09-01T08:35:26","guid":{"rendered":"https:\/\/cmdi.santarosa.rs.gov.br\/?p=23366"},"modified":"2026-09-01T05:37:04","modified_gmt":"2026-09-01T08:37:04","slug":"a-esposa-as-filhas-e-os-espetaculos-de-ricardo","status":"publish","type":"post","link":"https:\/\/cmdi.santarosa.rs.gov.br\/index.php\/2026\/09\/01\/a-esposa-as-filhas-e-os-espetaculos-de-ricardo\/","title":{"rendered":"A esposa, as filhas e os Espet\u00e1culos de Ricardo Ara\u00fajo Pereira"},"content":{"rendered":"<h1>A esposa, as filhas e os Espet\u00e1culos de Ricardo Ara\u00fajo Pereira<\/h1>\n<p>Poucos homens de com\u00e9dia conseguiram o reconhecimento que o autor de &#8220;Mix\u00f3rdia de Tem\u00e1ticas&#8221; construiu ao longo de v\u00e1rios anos. Oriundo da capital, desde jovem revelou um talento raro para o humor. Este texto re\u00fane o essencial sobre a sua vida pessoal e profissional, sem descurar os pormenores que habitualmente geram o interesse dos leitores.<\/p>\n<p>O seu registo baseia-se na arg\u00facia da palavra e numa observa\u00e7\u00e3o fina da sociedade portuguesa. Desde os primeiros passos no meio liter\u00e1rio, a sua escrita destacou-se pela finura. Licenciado em Comunica\u00e7\u00e3o, come\u00e7ou no jornalismo antes de se consagrar \u00e0 com\u00e9dia. A seguir, exploramos as dimens\u00f5es mais marcantes da sua figura p\u00fablica.<\/p>\n<h2>A venda de bilhetes mais disputados dos seus espet\u00e1culos ao vivo<\/h2>\n<p>Quando apresenta uma nova tourn\u00e9e, a procura multiplica-se. V\u00e1rios admiradores questionam-se que n\u00famero de entradas foram comprados em minutos. A resposta atesta a dimens\u00e3o de p\u00fablico que o humorista protagoniza em todo o pa\u00eds. N\u00e3o \u00e9 raro que as sess\u00f5es esgotem quase de imediato.<\/p>\n<p>Previamente de garantir o seu lugar, os seguidores habituam-se a procurar dados fidedigna e conseguem <a href=\"https:\/\/znaki.fm\/pt\/persons\/ricardo-araujo-pereira\/\">aceda a esta fonte para saber tudo<\/a> com toda a comodidade. Para quem procura mais dados interessados em compreender a efetiva escala deste \u00eaxito de vendas, \u00e9 aconselh\u00e1vel verificar tudo sobre a estreia de Ricardo Ara\u00fajo Pereira nos palcos.<\/p>\n<h2>Quem \u00e9 a companheira do humorista<\/h2>\n<p>O universo privado de Ricardo permanece reservado. A mulher, Maria Jos\u00e9 Areias, move-se fora dos holofotes da produ\u00e7\u00e3o. Ambos dividem um projeto longe da aten\u00e7\u00e3o da imprensa.<\/p>\n<p>Importa notar que Ao contr\u00e1rio de v\u00e1rias personalidades, o casamento com Maria Jos\u00e9 Areias poucas vezes figura na comunica\u00e7\u00e3o social. Foi com ela que o comediante edificou uma fam\u00edlia reservado, mantendo-a de forma coerente da curiosidade medi\u00e1tico.<\/p>\n<h2>A altura e outros dados segundo as fichas biogr\u00e1ficas<\/h2>\n<p>Entre as perguntas mais consultadas online tem que ver com a estatura do artista. Segundo as bases de dados de refer\u00eancia como o conhecido IMDb, estas informa\u00e7\u00f5es costumam figurar acess\u00edveis para consulta.<\/p>\n<p>Curiosamente, Contudo, vale sublinhar que frequentemente estes n\u00fameros s\u00e3o plenamente verificados pela fonte oficial. A aten\u00e7\u00e3o dos f\u00e3s mant\u00e9m-se, quer seja pela figura quanto pela curiosidade. No fundo, s\u00e3o a s\u00e1tira e a intelig\u00eancia que distinguem o humorista.<\/p>\n<h2>As fotografias dos bastidores e a presen\u00e7a p\u00fablica<\/h2>\n<p>As fotos mais partilhadas do humorista exp\u00f5em uma figura \u00e0 vontade em cima do palco. Por tr\u00e1s das cortinas, o retrato costuma ser a de um um profissional rigoroso com cada detalhe.<\/p>\n<p>Segundo a imprensa, Durante do percurso, juntou registos marcantes na r\u00e1dio. Entre os trabalhos que populares, destacam-se:<\/p>\n<ul>\n<li>O espa\u00e7o &#8220;Mix\u00f3rdia de Tem\u00e1ticas&#8221; na R\u00e1dio Comercial<\/li>\n<li>Os artigos na imprensa<\/li>\n<li>A participa\u00e7\u00e3o no Governo Sombra<\/li>\n<li>Os shows a solo pelo pa\u00eds<\/li>\n<\/ul>\n<h2>Afinal ser\u00e1 que \u00e9 divorciado ou casado<\/h2>\n<p>Entre as interroga\u00e7\u00f5es que aparece no seio de o p\u00fablico tem a ver com apurar se o comediante \u00e9 separado. A verdade \u00e9 que o dom\u00ednio familiar raramente se conhece.<\/p>\n<p>Vale a pena recordar que Por op\u00e7\u00e3o, preserva o lar a salvo do ru\u00eddo medi\u00e1tico. Especula-se bastante, mas poucas confirma\u00e7\u00f5es existem de modo confirmado. Esse resguardo faz parte do seu postura na vida privada.<\/p>\n<h2>As crian\u00e7as e a fam\u00edlia reservada<\/h2>\n<p>Os filhos representam a maior alegria deste pai reservado. Comenta-se que as duas filhas ter\u00e3o estudado al\u00e9m-fronteiras, se bem que o comediante preserve esses detalhes.<\/p>\n<p>Vale a pena recordar que A reserva representa uma regra no lar de Ricardo Artur de Ara\u00fajo Pereira. Diferentemente da cena, onde se destaca, o campo dom\u00e9stico permanece \u00e0 margem da aten\u00e7\u00e3o da imprensa. A seu ver, a fam\u00edlia constitui um espa\u00e7o sagrado.<\/p>\n<h2>Os espet\u00e1culos na Meo Arena e nas grandes salas<\/h2>\n<p>Escassos humoristas nacionais esgotam pavilh\u00f5es do porte do maior recinto de Lisboa. Cada vez que anuncia um espet\u00e1culo naquele recinto, a antecipa\u00e7\u00e3o torna-se not\u00e1vel.<\/p>\n<p>N\u00e3o surpreende que A digress\u00e3o pelas grandes salas habitua-se a cumprir um trajeto definido. De forma sint\u00e9tica, um show habitual estrutura-se do seguinte modo:<\/p>\n<ol>\n<li>In\u00edcio com coment\u00e1rios sobre o dia a dia<\/li>\n<li>Corpo de temas sociais<\/li>\n<li>Di\u00e1logo com a assist\u00eancia<\/li>\n<li>Final com as piadas mais aplaudidos<\/li>\n<\/ol>\n<h2>A a\u00e7\u00e3o judicial dos Anjos e a esfera p\u00fablica<\/h2>\n<p>A refer\u00eancia do duo Anjos foi mencionado no quadro de certa a\u00e7\u00e3o judicial que ro\u00e7ou tangencialmente o universo do humor. O tema suscitou alguma curiosidade p\u00fablica.<\/p>\n<p>Como se sabe, Conv\u00e9m real\u00e7ar que o humorista n\u00e3o foi acusado judicialmente pelo conte\u00fado sat\u00edrico. O direito criativa permanece um pilar do seu trabalho. \u00c9 precisamente a irrever\u00eancia que conquista o p\u00fablico.<\/p>\n<h2>O primeiro espet\u00e1culo a solo do comediante<\/h2>\n<p>O primeiro trabalho individual significou um ponto determinante no percurso do comediante. A partir da\u00ed, atua de forma constante em salas de norte a sul. Esse arranque deu in\u00edcio a uma das mais s\u00f3lidas carreiras da com\u00e9dia portuguesa.<\/p>\n<h2>As atua\u00e7\u00f5es no Porto e a liga\u00e7\u00e3o ao p\u00fablico nortenho<\/h2>\n<p>Na cidade invicta, por exemplo, leva o seu espet\u00e1culo \u00e0 Super Bock Arena quando a tourn\u00e9e o possibilita. A liga\u00e7\u00e3o com a plateia portuense \u00e9 forte. Sabida \u00e9 ainda o gosto pela sua equipa, assunto que ocasionalmente d\u00e1 origem a a sua s\u00e1tira.<\/p>\n<p>Para concluir, o autor de &#8220;Mix\u00f3rdia de Tem\u00e1ticas&#8221; estabeleceu-se na condi\u00e7\u00e3o de uma refer\u00eancias mais influentes do humor nacional. Entre a intelig\u00eancia da palavra e o carinho com a plateia, o seu percurso permanece a crescer, conquistando novas gera\u00e7\u00f5es a cada temporada.<\/p>\n","protected":false},"excerpt":{"rendered":"<p>A esposa, as filhas e os Espet\u00e1culos de Ricardo Ara\u00fajo Pereira Poucos homens de com\u00e9dia conseguiram o reconhecimento que o autor de &#8220;Mix\u00f3rdia de Tem\u00e1ticas&#8221; construiu ao longo de v\u00e1rios<a class=\"more-link\" href=\"https:\/\/cmdi.santarosa.rs.gov.br\/index.php\/2026\/09\/01\/a-esposa-as-filhas-e-os-espetaculos-de-ricardo\/\">Continue lendo <span class=\"meta-nav\">&rarr;<\/span><\/a><\/p>\n","protected":false},"author":4,"featured_media":0,"comment_status":"open","ping_status":"open","sticky":false,"template":"","format":"standard","meta":{"footnotes":""},"categories":[70],"tags":[],"class_list":["post-23366","post","type-post","status-publish","format-standard","hentry","category-blog"],"_links":{"self":[{"href":"https:\/\/cmdi.santarosa.rs.gov.br\/index.php\/wp-json\/wp\/v2\/posts\/23366","targetHints":{"allow":["GET"]}}],"collection":[{"href":"https:\/\/cmdi.santarosa.rs.gov.br\/index.php\/wp-json\/wp\/v2\/posts"}],"about":[{"href":"https:\/\/cmdi.santarosa.rs.gov.br\/index.php\/wp-json\/wp\/v2\/types\/post"}],"author":[{"embeddable":true,"href":"https:\/\/cmdi.santarosa.rs.gov.br\/index.php\/wp-json\/wp\/v2\/users\/4"}],"replies":[{"embeddable":true,"href":"https:\/\/cmdi.santarosa.rs.gov.br\/index.php\/wp-json\/wp\/v2\/comments?post=23366"}],"version-history":[{"count":1,"href":"https:\/\/cmdi.santarosa.rs.gov.br\/index.php\/wp-json\/wp\/v2\/posts\/23366\/revisions"}],"predecessor-version":[{"id":23367,"href":"https:\/\/cmdi.santarosa.rs.gov.br\/index.php\/wp-json\/wp\/v2\/posts\/23366\/revisions\/23367"}],"wp:attachment":[{"href":"https:\/\/cmdi.santarosa.rs.gov.br\/index.php\/wp-json\/wp\/v2\/media?parent=23366"}],"wp:term":[{"taxonomy":"category","embeddable":true,"href":"https:\/\/cmdi.santarosa.rs.gov.br\/index.php\/wp-json\/wp\/v2\/categories?post=23366"},{"taxonomy":"post_tag","embeddable":true,"href":"https:\/\/cmdi.santarosa.rs.gov.br\/index.php\/wp-json\/wp\/v2\/tags?post=23366"}],"curies":[{"name":"wp","href":"https:\/\/api.w.org\/{rel}","templated":true}]}}